{"id":9768,"date":"2014-08-31T09:26:47","date_gmt":"2014-08-31T12:26:47","guid":{"rendered":"https:\/\/adhilac.com.ar\/?p=9768"},"modified":"2014-09-08T14:31:32","modified_gmt":"2014-09-08T17:31:32","slug":"chile-presentacion-de-un-proyecto-de-acuerdo-para-eliminar-la-exaltacion-del-golpe-de-estado-de-1973","status":"publish","type":"post","link":"https:\/\/adhilac.com.ar\/?p=9768","title":{"rendered":"Chile: presentaci\u00f3n de un Proyecto de Acuerdo para eliminar la exaltaci\u00f3n del golpe de Estado de 1973"},"content":{"rendered":"<h3><span style=\"color: #339966;\">COMUNICADO DE PRENSA<\/span><\/h3>\n<p style=\"text-align: justify;\">La presentaci\u00f3n de un Proyecto de Acuerdo ante la C\u00e1mara de Diputados con el fin de que \u00e9sta demande al Gobierno de la Presidenta Michelle Bachelet la <strong>eliminaci\u00f3n de todo s\u00edmbolo de exaltaci\u00f3n personal o colectiva de quienes perpetraron el golpe de Estado de 1973,<\/strong> fue gestionado por el organismo <strong>Ciudadanos por la Memoria<\/strong> ante el Presidente de la C\u00e1mara de Diputados, Aldo Cornejo, y el Vicepresidente Rodrigo Gonz\u00e1lez.<!--more--><\/p>\n<p style=\"text-align: justify;\">El Proyecto de Acuerdo ser\u00e1 presentado en las pr\u00f3ximas horas primeramente ante la<strong> Comisi\u00f3n de Derechos Humanos de la C\u00e1mara<\/strong> solicitando su aprobaci\u00f3n, y luego pasar\u00e1 a sala para su discusi\u00f3n.<\/p>\n<p style=\"text-align: justify;\">La presentaci\u00f3n se har\u00e1 bajo el fundamento del Art\u00edculo N\u00b0 52, n\u00famero 1, letra a), inciso primero, que establece la atribuci\u00f3n de la C\u00e1mara de Diputados de <strong>\u201cfiscalizar los actos del Gobierno\u201d<\/strong> por la v\u00eda de \u201cadoptar acuerdos o sugerir observaciones con el voto de la mayor\u00eda de los diputados presentes, los que se transmitir\u00e1n por escrito al Presidente de la Rep\u00fablica<strong> quien deber\u00e1 dar respuesta fundada por medio del Ministro de Estado que corresponda, dentro de treinta d\u00edas\u201d.<\/strong><\/p>\n<p style=\"text-align: justify;\">Valpara\u00edso, 28 de agosto de 2014<\/p>\n<p style=\"text-align: justify;\">CIUDADANOS<\/p>\n<p style=\"text-align: justify;\">POR LA MEMORIA<\/p>\n<p><strong>Publicado por ADHILAC Internacional \u00a9 www.adhilac.com.ar<\/strong><\/p>\n<p>Si Ud.\u00a0DESEA Asociarse de acuerdo a los Estatutos de ADHILAC\u00a0<a title=\"(Ver)\" href=\"https:\/\/adhilac.com.ar\/?page_id=263\">(ver)<\/a> Completa el Formulario Correspondiente\u00a0<a title=\"(Ver)\" href=\"https:\/\/adhilac.com.ar\/?page_id=4779\" target=\"_blank\">(ver)<\/a><\/p>\n<p>E-mail:\u00a0<a title=\"info@adhilac.com.ar\" href=\"https:\/\/adhilac.com.ar\/info@adhilac.com.ar\" target=\"_blank\">info@adhilac.com.ar<\/a><strong> <\/strong><\/p>\n<p>Twitter: @ AdhilacInfo<\/p>\n<p style=\"text-align: justify;\">&nbsp;<\/p>\n","protected":false},"excerpt":{"rendered":"<p>COMUNICADO DE PRENSA La presentaci\u00f3n de un Proyecto de Acuerdo ante la C\u00e1mara de Diputados con el fin de que \u00e9sta demande al Gobierno de la Presidenta Michelle Bachelet la eliminaci\u00f3n de todo s\u00edmbolo de exaltaci\u00f3n personal o colectiva de quienes perpetraron el golpe de Estado de 1973, fue gestionado por el organismo Ciudadanos por [&hellip;]<\/p>\n","protected":false},"author":2,"featured_media":0,"comment_status":"closed","ping_status":"closed","sticky":false,"template":"","format":"standard","meta":{"_crdt_document":"","footnotes":""},"categories":[40],"tags":[77,128],"class_list":["post-9768","post","type-post","status-publish","format-standard","hentry","category-informaciones","tag-chile","tag-golpe-de-estado"],"_links":{"self":[{"href":"https:\/\/adhilac.com.ar\/index.php?rest_route=\/wp\/v2\/posts\/9768","targetHints":{"allow":["GET"]}}],"collection":[{"href":"https:\/\/adhilac.com.ar\/index.php?rest_route=\/wp\/v2\/posts"}],"about":[{"href":"https:\/\/adhilac.com.ar\/index.php?rest_route=\/wp\/v2\/types\/post"}],"author":[{"embeddable":true,"href":"https:\/\/adhilac.com.ar\/index.php?rest_route=\/wp\/v2\/users\/2"}],"replies":[{"embeddable":true,"href":"https:\/\/adhilac.com.ar\/index.php?rest_route=%2Fwp%2Fv2%2Fcomments&post=9768"}],"version-history":[{"count":3,"href":"https:\/\/adhilac.com.ar\/index.php?rest_route=\/wp\/v2\/posts\/9768\/revisions"}],"predecessor-version":[{"id":9770,"href":"https:\/\/adhilac.com.ar\/index.php?rest_route=\/wp\/v2\/posts\/9768\/revisions\/9770"}],"wp:attachment":[{"href":"https:\/\/adhilac.com.ar\/index.php?rest_route=%2Fwp%2Fv2%2Fmedia&parent=9768"}],"wp:term":[{"taxonomy":"category","embeddable":true,"href":"https:\/\/adhilac.com.ar\/index.php?rest_route=%2Fwp%2Fv2%2Fcategories&post=9768"},{"taxonomy":"post_tag","embeddable":true,"href":"https:\/\/adhilac.com.ar\/index.php?rest_route=%2Fwp%2Fv2%2Ftags&post=9768"}],"curies":[{"name":"wp","href":"https:\/\/api.w.org\/{rel}","templated":true}]}}