{"id":9786,"date":"2014-09-06T05:18:56","date_gmt":"2014-09-06T08:18:56","guid":{"rendered":"https:\/\/adhilac.com.ar\/?p=9786"},"modified":"2014-09-06T13:38:21","modified_gmt":"2014-09-06T16:38:21","slug":"oscar-loyola-vega-o-la-franqueza-irreverente-jorge-nunez-sanchez","status":"publish","type":"post","link":"https:\/\/adhilac.com.ar\/?p=9786","title":{"rendered":"Oscar Loyola Vega o la franqueza irreverente. Jorge Nu\u00f1ez S\u00e1nchez"},"content":{"rendered":"<h3><span style=\"color: #339966;\"><a href=\"https:\/\/adhilac.com.ar\/wp-content\/uploads\/2014\/09\/Loyola-2.jpg\"><img loading=\"lazy\" decoding=\"async\" class=\"alignleft size-full wp-image-9787\" title=\"Loyola 2\" src=\"https:\/\/adhilac.com.ar\/wp-content\/uploads\/2014\/09\/Loyola-2.jpg\" alt=\"\" width=\"396\" height=\"298\" srcset=\"https:\/\/adhilac.com.ar\/wp-content\/uploads\/2014\/09\/Loyola-2.jpg 396w, https:\/\/adhilac.com.ar\/wp-content\/uploads\/2014\/09\/Loyola-2-300x225.jpg 300w\" sizes=\"auto, (max-width: 396px) 100vw, 396px\" \/><\/a>Se ha ido un compa\u00f1ero<\/span><\/h3>\n<p style=\"text-align: justify;\"><em>Izquierda: Oscar Loyola, el tercero desde la izquierda y sus colegas de la ADHILAC en\u00a0Colombia, 2010. Gentileza de Jorge N\u00fa\u00f1ez S\u00e1nchez. <\/em><\/p>\n<p style=\"text-align: justify;\">El Dr. Oscar Loyola comparti\u00f3 el camino de construir la Asociaci\u00f3n de Historiadores Latinoamericanos y del Caribe durante mucho tiempo. Su presencia en esa tarea va a ser recordada por muchos de nosotros. <!--more-->Con \u00e9l\u00a0compartimos numerosos escenarios y Oscar nos regalaba su humor y su aguda critica. Cuando los compa\u00f1eros cubanos nos recib\u00edan en La Habana Oscar concurr\u00eda incansable adonde se lo requiriera. \u00a0A continuaci\u00f3n transcribiremos el recuerdo de Jorge Nu\u00f1ez S\u00e1nchez. Para finalizar deseo presentar mis respetos a la familia del Dr. Oscar Loyola.<\/p>\n<p style=\"text-align: justify;\">Buenos Aires, 6 de septiembre de 2014<\/p>\n<p style=\"text-align: justify;\">Carolina Crisorio &#8211; ADHILAC Argentina<\/p>\n<p style=\"text-align: center;\">***<\/p>\n<p style=\"text-align: justify;\"><strong>OSCAR LOYOLA VEGA O LA FRANQUEZA IRREVERENTE<\/strong><\/p>\n<p style=\"text-align: justify;\">&nbsp;<\/p>\n<p style=\"text-align: justify;\">Por Jorge N\u00fa\u00f1ez S\u00e1nchez<\/p>\n<p style=\"text-align: justify;\">&nbsp;<\/p>\n<p style=\"text-align: justify;\">Acabo de enterarme de la muerte accidental de mi admirado colega cubano el doctor Oscar Loyola Vega, profesor titular de la Universidad de La Habana. Y el car\u00e1cter accidental de su fallecimiento explica el suceso, pero no alivia el pesar causado por \u00e9ste.<\/p>\n<p style=\"text-align: justify;\">&nbsp;<\/p>\n<p style=\"text-align: justify;\">Oscar era un prestigioso historiador y un cubano a plenitud. Centr\u00f3 su vida en el estudio de las luchas por la independencia de Cuba y de sus h\u00e9roes fundamentales. Y de ah\u00ed nac\u00eda su profunda cubanidad, ese deseo de rescatar para las nuevas generaciones la memoria social de aquellas gestas, que redondearon la identidad de la naci\u00f3n cubana y su apasionada vocaci\u00f3n de independencia. Me cont\u00f3 que le apasionaba en particular un h\u00e9roe un tanto olvidado: el general\u00edsimo M\u00e1ximo G\u00f3mez, aquel genial estratega y patriota dominicano que dedic\u00f3 buena parte de su vida a pelear por la libertad de Cuba, que conceb\u00eda como parte de la tarea mayor de independencia de las Antillas, y que no dud\u00f3 en entregar sus hijos a tan noble causa.<\/p>\n<p style=\"text-align: justify;\">&nbsp;<\/p>\n<p style=\"text-align: justify;\">Precisamente la obra principal de Loyola, titulada \u201cla Guerra de los Diez A\u00f1os\u201d (1989), fue dedicada al estudio de la revoluci\u00f3n independentista de 1868, en la que destacaron la voluntad de independencia del pueblo de Cuba y la personalidad pol\u00edtica y militar de M\u00e1ximo G\u00f3mez.<\/p>\n<p style=\"text-align: justify;\">&nbsp;<\/p>\n<p style=\"text-align: justify;\">Oscar tambi\u00e9n era un miembro destacado de la comunidad cient\u00edfica de su pa\u00eds. Presidi\u00f3 la Comisi\u00f3n de Doctorados de su universidad y en los a\u00f1os noventas fue Vice-Decano de su Facultad de Filosof\u00eda e Historia. Tambi\u00e9n fue autor de otras obras fundamentales para la comprensi\u00f3n de la historia de Cuba, adem\u00e1s de la ya mencionada: <em>\u201cGu\u00e1imaro y Jimag\u00fcay\u00fa\u201d (2002), \u201c10 de Octubre de 1868: Revoluci\u00f3n social y guerra anticolonial\u201d (2003), <\/em>entre otras. Como coautor, particip\u00f3 en obras tales como:<em> \u201cCuba, la Revoluci\u00f3n de 1895 y el fin del imperio colonial espa\u00f1ol\u201d (1995), \u201cCuba y su historia\u201d (1998), \u201cHistoria de Cuba Historia de 1492\u20131898. Formaci\u00f3n y liberaci\u00f3n de la naci\u00f3n\u201d (2001), etc.<\/em><\/p>\n<p style=\"text-align: justify;\"><em><br \/>\n<\/em><\/p>\n<p style=\"text-align: justify;\"><a href=\"https:\/\/adhilac.com.ar\/wp-content\/uploads\/2014\/09\/Loyola-1.jpg\"><img loading=\"lazy\" decoding=\"async\" class=\"alignright size-full wp-image-9788\" title=\"Loyola 1\" src=\"https:\/\/adhilac.com.ar\/wp-content\/uploads\/2014\/09\/Loyola-1.jpg\" alt=\"\" width=\"384\" height=\"288\" srcset=\"https:\/\/adhilac.com.ar\/wp-content\/uploads\/2014\/09\/Loyola-1.jpg 640w, https:\/\/adhilac.com.ar\/wp-content\/uploads\/2014\/09\/Loyola-1-300x225.jpg 300w\" sizes=\"auto, (max-width: 384px) 100vw, 384px\" \/><\/a><\/p>\n<p style=\"text-align: justify;\"><em>Derecha: Oscar Loyola primero de la izquierda, junto a colegas. <\/em><\/p>\n<p style=\"text-align: justify;\">&nbsp;<\/p>\n<p style=\"text-align: justify;\">Su labor educativa sali\u00f3 de los linderos de Cuba y se extendi\u00f3 tambi\u00e9n a M\u00e9xico, donde fue profesor invitado de la Universidad Michoacana de San Nicol\u00e1s de Hidalgo. Y el impacto de su tarea pedag\u00f3gica fue tal, que los graduados del curso 1994 de esa entidad acad\u00e9mica tomaron para s\u00ed el nombre de \u201cPromoci\u00f3n Oscar Loyola Vega\u201d.<\/p>\n<p style=\"text-align: justify;\">Hace apenas unas semanas, el pasado mes de julio, se nos comunic\u00f3 que hab\u00eda sido reelecto miembro de la directiva de la Secci\u00f3n Cubana de la Asociaci\u00f3n de Historiadores Latinoamericanos y del Caribe (ADHILAC), en calidad de responsable de actividades cient\u00edficas. Y quienes lo eligieron hicieron muy bien en ello, pues Oscar era miembro activo de nuestra organizaci\u00f3n desde hac\u00eda muchos a\u00f1os y hab\u00eda contribuido a su desarrollo nacional e internacional.<\/p>\n<p style=\"text-align: justify;\">&nbsp;<\/p>\n<p style=\"text-align: justify;\">Recuerdo v\u00edvidamente su presencia en el Congreso de la ADHILAC en Santa Marta, Colombia, en la Quinta de San Pedro Alejandrino, en mayo de 2010, ocasi\u00f3n en la que present\u00f3 una lucida ponencia y derroch\u00f3, como siempre, su humor y su graciosa iron\u00eda. Y es que hablando de historia de nuestra Am\u00e9rica y compartiendo con amigos y colegas, Oscar se hallaba como pez en el agua, porque la historia era su mundo de investigaci\u00f3n y reflexi\u00f3n y la amistad su espacio natural de vida. Y recuerdo tambi\u00e9n nuestro \u00faltimo encuentro, en diciembre de 2012, durante el Coloquio Internacional Bicentenario de las Primeras Constituciones Latinoamericanas, organizado por la ADHILAC-Cuba y celebrado en La Habana, y donde \u00e9l particip\u00f3 como ponente y miembro del Comit\u00e9 Organizador.<\/p>\n<p style=\"text-align: justify;\">Recuerdo, en esta hora de tristeza, la viveza de su mirada, su locuacidad incansable, su gestualidad casi teatral y, sobre todo, su franqueza irreverente, que quienes no lo conoc\u00edan pod\u00edan tomar como agresividad o cinismo, pero que correspond\u00eda a su forma de ser: franco, abierto, ir\u00f3nico y cordial, a la vez.<\/p>\n<p style=\"text-align: justify;\">&nbsp;<\/p>\n<p style=\"text-align: justify;\">Como historiador era tanto un investigador como un pensador. Consideraba que la historia es \u201cla forma espiritual en que una cultura rinde cuenta de su pasado\u201d. Y agregaba: \u201cYo me enriquezco espiritualmente acerc\u00e1ndome a la historia. A trav\u00e9s de ella puedo saber qui\u00e9n soy y por qu\u00e9 estoy orgulloso de estar aqu\u00ed. La historia otorga un sentido de pertenencia, te impregna una identidad colectiva, te hace sentir que formas parte de un conglomerado humano, situado en tiempo y espacio, con problem\u00e1ticas determinadas de las cuales no logramos escapar ni aunque vivamos a cien mil kil\u00f3metros de distancia.\u201d<\/p>\n<p style=\"text-align: justify;\">Ahora que Oscar Loyola Vega ha muerto, pongo una flor sobre su tumba reci\u00e9n abierta. Y se me une en esta triste tarea mi esposa y colega Jenny Londo\u00f1o, que era su amiga muy querida.<\/p>\n<p><strong>Publicado por ADHILAC Internacional \u00a9 www.adhilac.com.ar<\/strong><\/p>\n<p>Si Ud. desea asociarse de acuerdo a los Estatutos de ADHILAC\u00a0<a title=\"(ver)\" href=\"https:\/\/adhilac.com.ar\/?page_id=263\">(ver)<\/a> complete el formulario correspondiente\u00a0<a title=\"(Ver)\" href=\"https:\/\/adhilac.com.ar\/?page_id=4779\" target=\"_blank\">(ver)<\/a><\/p>\n<p>E-mail:\u00a0<a title=\"info@adhilac.com.ar\" href=\"https:\/\/adhilac.com.ar\/info@adhilac.com.ar\" target=\"_blank\">info@adhilac.com.ar<\/a><strong> <\/strong><\/p>\n<p>Twitter: @AdhilacInfo<\/p>\n<p style=\"text-align: justify;\">&nbsp;<\/p>\n","protected":false},"excerpt":{"rendered":"<p>Se ha ido un compa\u00f1ero Izquierda: Oscar Loyola, el tercero desde la izquierda y sus colegas de la ADHILAC en\u00a0Colombia, 2010. Gentileza de Jorge N\u00fa\u00f1ez S\u00e1nchez. El Dr. Oscar Loyola comparti\u00f3 el camino de construir la Asociaci\u00f3n de Historiadores Latinoamericanos y del Caribe durante mucho tiempo. Su presencia en esa tarea va a ser recordada [&hellip;]<\/p>\n","protected":false},"author":37,"featured_media":0,"comment_status":"closed","ping_status":"closed","sticky":false,"template":"","format":"standard","meta":{"_crdt_document":"","footnotes":""},"categories":[3,351],"tags":[63,874],"class_list":["post-9786","post","type-post","status-publish","format-standard","hentry","category-adhilac-inter","category-historiadores","tag-cuba","tag-historiadores"],"_links":{"self":[{"href":"https:\/\/adhilac.com.ar\/index.php?rest_route=\/wp\/v2\/posts\/9786","targetHints":{"allow":["GET"]}}],"collection":[{"href":"https:\/\/adhilac.com.ar\/index.php?rest_route=\/wp\/v2\/posts"}],"about":[{"href":"https:\/\/adhilac.com.ar\/index.php?rest_route=\/wp\/v2\/types\/post"}],"author":[{"embeddable":true,"href":"https:\/\/adhilac.com.ar\/index.php?rest_route=\/wp\/v2\/users\/37"}],"replies":[{"embeddable":true,"href":"https:\/\/adhilac.com.ar\/index.php?rest_route=%2Fwp%2Fv2%2Fcomments&post=9786"}],"version-history":[{"count":5,"href":"https:\/\/adhilac.com.ar\/index.php?rest_route=\/wp\/v2\/posts\/9786\/revisions"}],"predecessor-version":[{"id":9796,"href":"https:\/\/adhilac.com.ar\/index.php?rest_route=\/wp\/v2\/posts\/9786\/revisions\/9796"}],"wp:attachment":[{"href":"https:\/\/adhilac.com.ar\/index.php?rest_route=%2Fwp%2Fv2%2Fmedia&parent=9786"}],"wp:term":[{"taxonomy":"category","embeddable":true,"href":"https:\/\/adhilac.com.ar\/index.php?rest_route=%2Fwp%2Fv2%2Fcategories&post=9786"},{"taxonomy":"post_tag","embeddable":true,"href":"https:\/\/adhilac.com.ar\/index.php?rest_route=%2Fwp%2Fv2%2Ftags&post=9786"}],"curies":[{"name":"wp","href":"https:\/\/api.w.org\/{rel}","templated":true}]}}