{"id":9924,"date":"2014-10-18T16:57:20","date_gmt":"2014-10-18T19:57:20","guid":{"rendered":"https:\/\/adhilac.com.ar\/?p=9924"},"modified":"2014-10-20T14:18:21","modified_gmt":"2014-10-20T17:18:21","slug":"congreso-internacional-de-historia-y-literatura-barranquilla-y-usiacuri-colombia-23-a-25-de-octubre-de-2014","status":"publish","type":"post","link":"https:\/\/adhilac.com.ar\/?p=9924","title":{"rendered":"Congreso Internacional de Historia y Literatura. Barranquilla y Usiacur\u00ed, Colombia 23 a 25 de octubre de 2014"},"content":{"rendered":"<p><strong> <\/strong><\/p>\n<p><strong> <\/strong><\/p>\n<p><strong> <\/strong><\/p>\n<p><strong><a href=\"https:\/\/adhilac.com.ar\/wp-content\/uploads\/2014\/08\/AFICHE.jpg\"><img loading=\"lazy\" decoding=\"async\" class=\"alignleft size-full wp-image-9738\" title=\"AFICHE\" src=\"https:\/\/adhilac.com.ar\/wp-content\/uploads\/2014\/08\/AFICHE.jpg\" alt=\"\" width=\"140\" height=\"159\" \/><\/a>PROGRAMACI\u00d3N GENERAL<\/strong><\/p>\n<p><strong> <\/strong><\/p>\n<p><strong> <\/strong><\/p>\n<p><strong> <\/strong><\/p>\n<p><strong>CONGRESO INTERNACIONAL DE HISTORIA Y LITERATURA<\/strong><\/p>\n<p><strong> <\/strong><\/p>\n<p><strong> <\/strong><\/p>\n<p><strong> <\/strong><\/p>\n<p><strong>\u201cLa historia en la literatura y la literatura en la historia en Am\u00e9rica Latina y el Caribe\u201d<\/strong><\/p>\n<p><strong> <\/strong><\/p>\n<p><strong> <\/strong><\/p>\n<p><strong> <\/strong><\/p>\n<p><strong> <\/strong><\/p>\n<p><strong> <\/strong><\/p>\n<p><strong> Barranquilla y Usiacur\u00ed (Colombia), <\/strong><\/p>\n<p><strong>Octubre 23-25 de 2014<!--more--><\/strong><\/p>\n<p><strong>Programaci\u00f3n General<\/strong><\/p>\n<p><strong> <\/strong><\/p>\n<p><strong>JUEVES 23 DE OCTUBRE\/14<\/strong><\/p>\n<p>Auditorios Country Internacional Hotel<strong> <\/strong><\/p>\n<p>Cra. 52 No. 75 -30 Barranquilla<\/p>\n<p><strong> <\/strong><\/p>\n<p><strong> <\/strong><\/p>\n<p><strong>07:00 \u2013 12:00: \u00a0\u00a0\u00a0\u00a0\u00a0\u00a0\u00a0\u00a0\u00a0\u00a0 Inscripci\u00f3n y entrega de material acad\u00e9mico<\/strong><\/p>\n<p><strong> <\/strong><\/p>\n<p><strong>08:00 \u2013 08:30 \u00a0\u00a0\u00a0\u00a0\u00a0\u00a0\u00a0\u00a0\u00a0\u00a0\u00a0 Saludos y palabras de bienvenida <\/strong><\/p>\n<p><strong>Inauguraci\u00f3n del Congreso<\/strong><\/p>\n<p><strong> <\/strong><\/p>\n<p>&nbsp;<\/p>\n<p><strong>08:30 \u2013 10:30\u00a0\u00a0\u00a0\u00a0\u00a0\u00a0\u00a0\u00a0\u00a0\u00a0\u00a0\u00a0 Mesa 1: Contextos hist\u00f3ricos regionales en la literatura latinoamericana. Siglos XIX-XX.<\/strong><\/p>\n<p><strong> <\/strong>Modera: <strong>Roberto Gonz\u00e1lez Arana, <\/strong>Universidad del Norte <strong> <\/strong><\/p>\n<p>Auditorio Nro. 1<\/p>\n<p>&nbsp;<\/p>\n<p><strong>Francisca Eugenia Dos Santos: <\/strong>Universidad de Santiago de Chile<\/p>\n<p>\u201cBrasil: Dictadura militar y aplastamiento social de los a\u00f1os 70 en la obra <em>La hora de la Estrella<\/em>, de Clarice Lispector\u201d.<strong> <\/strong><\/p>\n<p><strong> <\/strong><\/p>\n<p><strong>Ra\u00fal Rom\u00e1n Romero<\/strong>: Universidad Nacional de Colombia \u2013 Sede Caribe<\/p>\n<p>Narrativas de la Guerra. Raza y masculinidad durante los \u00abMil D\u00edas\u00bb.<\/p>\n<p>&nbsp;<\/p>\n<p><strong>\u00c1lvaro Acevedo Tarazona<\/strong>: Universidad Industrial de Santander (Colombia)<\/p>\n<p><strong>Rolando Humberto Malte Ar\u00e9valo<\/strong>: Universidad Industrial de Santander (Colombia)<\/p>\n<p>La vida en tiempos de guerra: los relatos de Enrique Otero D\u2019Costa sobre la \u201cGuerra de los Mil D\u00edas\u201d.<\/p>\n<p>&nbsp;<\/p>\n<p><strong>Georgia Mar\u00eda Araujo Leite: <\/strong>Universidad Estadual de Alagoas (Brasil)<strong> <\/strong><\/p>\n<p><strong>Joana D&#8217;arc Ferreira De Mac\u00eado<\/strong><strong>: <\/strong>Universidad Estadual de Alagoas (Brasil)<strong> <\/strong><\/p>\n<p><strong>V\u00edctor F. Cabrera Lude\u00f1a: <\/strong>Asociaci\u00f3n Educativa Organizaci\u00f3n Santa Rita (Trujillo-Per\u00fa).<\/p>\n<p>La literatura de Clemente Palma y el modernismo en la transici\u00f3n de los siglos XIX-XX. \u00a8Diferencial est\u00e9tico o resistencia del estilo modernista en sus cuentos\u00a8.<\/p>\n<p>&nbsp;<\/p>\n<p><strong> <\/strong><\/p>\n<p><strong>08:30 \u2013 10:30\u00a0\u00a0\u00a0\u00a0\u00a0\u00a0\u00a0\u00a0\u00a0\u00a0\u00a0\u00a0 Mesa 2: El pensamiento y la visi\u00f3n hist\u00f3rica de lo regional en literatos latinoamericanos y caribe\u00f1os.<\/strong><\/p>\n<p><strong> <\/strong>Modera: <strong>Adriano Guerra, <\/strong>Archivo Hist\u00f3rico del Atl\u00e1ntico<\/p>\n<p>Auditorio Nro. 2 <strong> <\/strong><\/p>\n<p>&nbsp;<\/p>\n<p><strong>Adalberto Bola\u00f1o Sandoval<\/strong>: Universidad Aut\u00f3noma del Caribe (Colombia)<\/p>\n<p><em>Tratado de soledad<\/em>: sobre el paisaje conmovido y la memoria traum\u00e1tica en la poes\u00eda de Jos\u00e9 Ram\u00f3n Mercado.<\/p>\n<p>&nbsp;<\/p>\n<p><strong>Gloria del Carmen Soto \u00c1ngeles<\/strong>: Universidad Aut\u00f3noma de Quer\u00e9taro (M\u00e9xico)<\/p>\n<p>La dictadura en la literatura: sexualidad y represi\u00f3n en \u201cEl beso de la mujer ara\u00f1a\u201d de Manuel Puig y \u201cTengo miedo torero\u201d de Pedro Lemebel.<\/p>\n<p><strong> <\/strong><\/p>\n<p><strong>Aline Daiane Da Silva Oliveira Souza<\/strong>: Universidad Estadual de Alagoas (Brasil)<\/p>\n<p><strong>Andreza Tavares<\/strong>: Universidad Estadual de Alagoas (Brasil)<\/p>\n<p><strong>Josinaldo Oliveira Dos Santos<\/strong>: Universidad Federal de Piau\u00ed (Brasil)<\/p>\n<p>Un grito de libertad a trav\u00e9s de la obra \u201cVuelta de la Antigua Esperanza\u201d, de Roberto Fern\u00e1ndez Retamar.<\/p>\n<p>&nbsp;<\/p>\n<p><strong>08:30 \u2013 10:30\u00a0\u00a0\u00a0\u00a0\u00a0\u00a0\u00a0\u00a0\u00a0\u00a0\u00a0\u00a0 Mesa 3: El contexto hist\u00f3rico y las distintas expresiones literarias y culturales. <\/strong><\/p>\n<p><strong> <\/strong>Modera: <strong>Luisa Navarro, <\/strong>Universidad Aut\u00f3noma de Santo Domingo<\/p>\n<p>Auditorio Nro. 3<\/p>\n<p>&nbsp;<\/p>\n<p><strong>Wagner Jacinto De Oliveira<\/strong>: Instituto Federal del Tri\u00e2ngulo Mineiro (Brasil)<\/p>\n<p><strong>Anderson Claytom Ferreira Brettas<\/strong>: Instituto Federal del Tri\u00e2ngulo Mineiro (Brasil)<\/p>\n<p>El papel de los ganadores en \u201cEl Papa Verde\u201d de Miguel \u00c1ngel Asturias<\/p>\n<p>&nbsp;<\/p>\n<p><strong>Eugenia Varela Sarmiento: <\/strong>Universidad de La Salle (Colombia)<strong> <\/strong><\/p>\n<p>La visi\u00f3n de lo ex\u00f3tico en los grabados de las novelas libertinas del siglo XVIII franc\u00e9s: una aproximaci\u00f3n a la naturaleza del hombre salvaje<\/p>\n<p>&nbsp;<\/p>\n<p><strong>Yudis Contreras Mart\u00ednez<\/strong>: Universidad de Cartagena (Colombia)<\/p>\n<p>El rol de los registros hist\u00f3ricos en <em>Manuela S\u00e1enz: la libertadora del libertador<\/em><\/p>\n<p>&nbsp;<\/p>\n<p><strong>Gessica Giohanna Espejo Vel\u00e1squez<\/strong>: Universidad Industrial de Santander (Colombia)<\/p>\n<p>Benkos Bioh\u00f3 y Pedro Claver: Dos formas de afrontar el Nuevo Mundo<\/p>\n<p>&nbsp;<\/p>\n<p><strong>Freddy Alberto Mier<\/strong>: Universidad Surcolombiana (Colombia)<\/p>\n<p>Nostalgia y reminiscencias en las letras de canciones vallenatas que se producen en las d\u00e9cadas del setenta, ochenta y noventa.<\/p>\n<p>&nbsp;<\/p>\n<p>&nbsp;<\/p>\n<p><strong>10:30 \u2013 12:30\u00a0\u00a0\u00a0\u00a0\u00a0\u00a0\u00a0\u00a0\u00a0\u00a0\u00a0\u00a0 Mesa 4: Miradas del contexto hist\u00f3rico y las tradiciones literarias. La vista desde el g\u00e9nero. <\/strong><\/p>\n<p><strong> <\/strong>Modera: <strong>Yudis Contreras Mart\u00ednez, <\/strong>Universidad de Cartagena<\/p>\n<p>Auditorio Nro. 1<\/p>\n<p>&nbsp;<\/p>\n<p><strong>Lucrecia Infante Vargas<\/strong>: Universidad Nacional Aut\u00f3noma de M\u00e9xico<\/p>\n<p>La literatura como fuente para la historia de las mujeres en M\u00e9xico.<\/p>\n<p>&nbsp;<\/p>\n<p><strong>Gloria Estella Bonilla V\u00e9lez<\/strong>: Universidad de Cartagena (Colombia)<\/p>\n<p>La escritura femenina, entre la frivolidad, el deber ser y la pol\u00edtica: El caso de Colombia 1900-1950.<\/p>\n<p>&nbsp;<\/p>\n<p><strong>Dana\u00e9 Michaud-Mastoras<\/strong>: Universidad de Montreal (Canad\u00e1)<\/p>\n<p>La \u00faltima palabra de Juana Manuela Gorriti en <em>Lo \u00edntimo<\/em>, obra p\u00f3stuma de una historia fragmentada, personal y colectiva, entre lo real y lo maravilloso.<\/p>\n<p>&nbsp;<\/p>\n<p><strong>Juliana Javierre Londo\u00f1o<\/strong>: Pontificia Universidad Javeriana (Bogot\u00e1)<\/p>\n<p><em>El hostigante verano de los dioses<\/em>: las bananeras en la voz de cuatro mujeres del com\u00fan<\/p>\n<p><strong> <\/strong><\/p>\n<p><strong>Georgia Mar\u00eda Ara\u00fajo Leite<\/strong>: Universidad Estadual de Alagoas (Brasil)<\/p>\n<p><strong>\u00c1tilla Alves Cavalcante Beserra<\/strong>: Universidad Estadual de Alagoas (Brasil)<\/p>\n<p><strong>M\u00f4nica Lima Cavalcanti<\/strong>: Universidad Estadual de Alagoas (Brasil)<\/p>\n<p>La historicidad del siglo XX y los movimientos de vanguardia, influencia en la construcci\u00f3n de dos estilos literarios: \u201cLa autenticidad feminista de Delmira Agustini Arelada a dial\u00e9ctica de primera fase modernista\u201d.<\/p>\n<p>&nbsp;<\/p>\n<p><strong> <\/strong><\/p>\n<p><strong>10:30 \u2013 12:30\u00a0\u00a0\u00a0\u00a0\u00a0\u00a0\u00a0\u00a0\u00a0\u00a0\u00a0\u00a0 Mesa 5: Historiograf\u00eda literaria. Perspectivas de an\u00e1lisis y abordaje (parte 1).<\/strong><\/p>\n<p><strong> <\/strong>Modera: <strong>Ra\u00fal Rom\u00e1n Romero, <\/strong>Universidad Nacional de Colombia Auditorio Nro. 2<\/p>\n<p>&nbsp;<\/p>\n<p><strong>Jos\u00e9 Eduardo Rueda Enciso<\/strong>: Escuela Superior de Administraci\u00f3n P\u00fablica (Colombia)<\/p>\n<p>Aproximaci\u00f3n a un balance historiogr\u00e1fico de la novela hist\u00f3rica en Colombia.<\/p>\n<p>&nbsp;<\/p>\n<p><strong>Juan Aurelio Fern\u00e1ndez Meza<\/strong>: Universidad Nacional Aut\u00f3noma de M\u00e9xico<\/p>\n<p>Historiograf\u00eda y ficci\u00f3n. Operaciones discursivas y teor\u00edas de la verdad.<\/p>\n<p>&nbsp;<\/p>\n<p><strong>Liliana Galindo Orrego<\/strong>: Universidad Nacional de Colombia<\/p>\n<p>Hacia la ampliaci\u00f3n de un corpus literario: lectura cr\u00edtica de <em>Historia de la literatura hispanoamericana <\/em>de Teodosio Fern\u00e1ndez, Selena Millares y Eduardo Becerra.<\/p>\n<p>&nbsp;<\/p>\n<p><strong>Silvia Valero<\/strong>: Universidad de Cartagena (Colombia)<\/p>\n<p>Invirtiendo los t\u00e9rminos: el pasado como desenlace del presente en las narrativas hist\u00f3ricas \u201cafrodescendientes\u201d del\u00a0 siglo XXI.<\/p>\n<p>&nbsp;<\/p>\n<p><strong> <\/strong><\/p>\n<p><strong>10:30 \u2013 12:30\u00a0\u00a0\u00a0\u00a0\u00a0\u00a0\u00a0\u00a0\u00a0\u00a0\u00a0\u00a0 Mesa 6: Lo nacional en el contexto hist\u00f3rico y en la construcci\u00f3n del discurso literario. <\/strong><\/p>\n<p><strong> <\/strong>Modera: <strong>Muriel Vanegas Beltr\u00e1n, <\/strong>Universidad de Cartagena<\/p>\n<p>Auditorio Nro. 3<\/p>\n<p>&nbsp;<\/p>\n<p><strong>Tha\u00eds De Oliveira<\/strong>: Universidad\u00a0 de S\u00e3o Paulo (Brasil)<\/p>\n<p><strong>M\u00e1rcio Bobik Braga<\/strong>: Universidad\u00a0 de S\u00e3o Paulo (Brasil)<\/p>\n<p>La Literatura Gauchesca y la representaci\u00f3n de una realidad ajena.<\/p>\n<p>&nbsp;<\/p>\n<p><strong>Josinaldo Oliveira Dos Santos<\/strong>: Universidad Federal de Piau\u00ed (Brasil)<\/p>\n<p><strong>Alcione Correa Alves<\/strong>: Universidad Federal de Piau\u00ed (Brasil)<\/p>\n<p>La identidad criolla venezolana en la obra <em>En este pa\u00eds<\/em> de Luis Miguel Urbaneja Achelpohl.<\/p>\n<p>&nbsp;<\/p>\n<p><strong>Anderson Claytom Ferreira Brettas<\/strong>: Instituto Federal del Tri\u00e2ngulo Mineiro (Brasil)<\/p>\n<p><strong>Wagner Jacinto De Oliveira<\/strong>: Instituto Federal del Tri\u00e2ngulo Mineiro (Brasil)<\/p>\n<p>La literatura peruana y las luchas campesinas en Am\u00e9rica del Sur: Manuel Scorza (1928\/1983) y Mario Vargas Llosa (1936).<\/p>\n<p><strong> <\/strong><\/p>\n<p><strong>12.30 \u2013 14:30 \u00a0\u00a0\u00a0\u00a0\u00a0\u00a0\u00a0\u00a0\u00a0\u00a0\u00a0 ALMUERZO<\/strong><\/p>\n<p>&nbsp;<\/p>\n<p><strong>14:30 \u2013 16:30\u00a0\u00a0\u00a0\u00a0\u00a0\u00a0\u00a0\u00a0\u00a0\u00a0\u00a0\u00a0 Mesa 7: Historiograf\u00eda literaria. Perspectivas de an\u00e1lisis y abordaje (parte 2).<\/strong><\/p>\n<p><strong> <\/strong>Modera: <strong>Silvia Valero, <\/strong>Universidad de Cartagena<\/p>\n<p>Auditorio Nro. 1<\/p>\n<p>&nbsp;<\/p>\n<p><strong>M\u00f3nica Quijano Velasco<\/strong>: Universidad Nacional Aut\u00f3noma de M\u00e9xico<\/p>\n<p>Historia de las literaturas en M\u00e9xico. Apuntes metodol\u00f3gicos.<\/p>\n<p>&nbsp;<\/p>\n<p><strong>Geaninni Ruiz Ulloa<\/strong>: Universidad de Costa Rica<\/p>\n<p>\u00bfLimitantes de la historiograf\u00eda literaria? Un recorrido por las distintas configuraciones de un canon literario, el caso particular de Costa Rica.<\/p>\n<p>&nbsp;<\/p>\n<p><strong>Cristian Ignacio Vidal Barr\u00eda<\/strong>: Universidad de los Lagos \/ Universidad Austral de Chile<\/p>\n<p>Historiograf\u00eda y Literatura: Diferentes discursos para representar la historia, un acercamiento a la nueva novela hist\u00f3rica.<\/p>\n<p>&nbsp;<\/p>\n<p><strong>Muriel del Rosario Vanegas Beltr\u00e1n<\/strong>: Universidad de Cartagena (Colombia)<\/p>\n<p>La Historia y la Literatura reivindicando lo afro: Intelectuales del Caribe antillano y del Caribe colombiano en la primera mitad del siglo XX.<\/p>\n<p>&nbsp;<\/p>\n<p><strong> <\/strong><\/p>\n<p><strong>14:30 \u2013 16:30\u00a0\u00a0\u00a0\u00a0\u00a0\u00a0\u00a0\u00a0\u00a0\u00a0\u00a0\u00a0 Mesa 8: Los escenarios regionales en la narrativa hist\u00f3rica latinoamericana y caribe\u00f1a.<\/strong><\/p>\n<p><strong> <\/strong>Modera: <strong>Anderson Brettas, <\/strong>Instituto Federal del Tri\u00e2ngulo Mineiro<\/p>\n<p>Auditorio Nro. 2<\/p>\n<p>&nbsp;<\/p>\n<p><strong>Fabio Silva Vallejo<\/strong>: Universidad del Magdalena (Colombia)<\/p>\n<p>El conflicto armado en la literatura del Caribe colombiano<\/p>\n<p>&nbsp;<\/p>\n<p><strong>Yessica Andrea Chiquillo Vilardi: <\/strong>Pontificia Universidad Javeriana (Colombia)<\/p>\n<p>La novela sobre Juancho Polo Valencia. Una historia del Caribe colombiano<\/p>\n<p><strong> <\/strong><\/p>\n<p><strong>Ofelia del Carmen L\u00f3pez Madrigal<\/strong>: Universidad Nacional Aut\u00f3noma de M\u00e9xico<\/p>\n<p>Resignificaci\u00f3n de la historia oficial en la ficci\u00f3n caribe\u00f1a:\u00a0<em>El reino de este mundo<\/em> de Alejo Carpentier.<\/p>\n<p>&nbsp;<\/p>\n<p><strong>Iv\u00e1n Segarra-B\u00e1ez<\/strong>: Universidad Metropolitana (Puerto Rico)<\/p>\n<p>El dolor como catarsis liberadora del ser en la poes\u00eda de Adri\u00e1n Santos Tirado en el contexto antillano de la Generaci\u00f3n de 1960<\/p>\n<p>&nbsp;<\/p>\n<p><strong> <\/strong><\/p>\n<p><strong>14:30 \u2013 16:30\u00a0\u00a0\u00a0\u00a0\u00a0\u00a0\u00a0\u00a0\u00a0\u00a0\u00a0\u00a0 Mesa 9: Distintas miradas del contexto hist\u00f3rico y las tradiciones literarias. La vista desde lo local (parte 1).<\/strong><\/p>\n<p><strong> <\/strong>Modera: <strong>Clinton Ram\u00edrez C.<\/strong>,<strong> <\/strong>Universidad Sergio Arboleda<\/p>\n<p>Auditorio Nro. 3<\/p>\n<p>&nbsp;<\/p>\n<p><strong>Javier Omar Ruiz Gordillo<\/strong>: Instituto Nacional de Antropolog\u00eda e Historia (M\u00e9xico)<\/p>\n<p>Del libro cient\u00edfico a la novela hist\u00f3rica: la antigua Veracruz en el siglo XVI<\/p>\n<p>&nbsp;<\/p>\n<p><strong> <\/strong><\/p>\n<p><strong>Michel Schultheiss<\/strong>: Universit\u00e9 de Lausanne (Suiza)<\/p>\n<p>El terremoto de 1985 en M\u00e9xico y su impacto en la narrativa reciente: El ejemplo de <em>Luz de luci\u00e9rnagas<\/em> de Edson Lechuga<\/p>\n<p>&nbsp;<\/p>\n<p><strong>Carol Vanessa L\u00f3pez: <\/strong>Universidad Distrital Francisco Jos\u00e9 de Caldas (Colombia)<strong> <\/strong><\/p>\n<p>La barbarie invade la ciudad<\/p>\n<p><strong> <\/strong><\/p>\n<p><strong>Nayibe Anacona Aldana: <\/strong>Universidad Surcolombiana (Colombia)<\/p>\n<p>Literatura y regi\u00f3n. <em>La venturosa<\/em>: una novela hist\u00f3rica en el Huila<\/p>\n<p><strong> <\/strong><\/p>\n<p><strong>16:30 \u2013 18:30\u00a0\u00a0\u00a0\u00a0\u00a0\u00a0\u00a0\u00a0\u00a0\u00a0\u00a0\u00a0 Mesa 10: Distintas miradas del contexto hist\u00f3rico colombiano y las tradiciones literarias. La vista desde lo local (parte 2).<\/strong><\/p>\n<p><strong> <\/strong>Modera: Jorge Enrique El\u00edas-Caro, Universidad del Magdalena<\/p>\n<p>Auditorio Nro. 1<\/p>\n<p>&nbsp;<\/p>\n<p><strong>Clinton Ram\u00edrez C.<\/strong>: Universidad Sergio Arboleda (Colombia)<\/p>\n<p>\u201cCarmona\u201d: Historia, ideolog\u00eda y poder en un cuento de Caneva Palomino<\/p>\n<p>&nbsp;<\/p>\n<p><strong>Hernando Motato C.<\/strong>: Universidad Industrial de Santander (Colombia)<\/p>\n<p>Voces de la ciudad desde la marginalidad en los cuentos <em>Lo amador<\/em>, de Roberto Burgos Cantor<\/p>\n<p>&nbsp;<\/p>\n<p><strong>Kebby Romero Sierra: <\/strong>Universidad Gran Colombia<\/p>\n<p>La semi\u00f3tica de la muerte y sistemas de caridad del leproso en Cartagena de Indias a finales del siglo XVIII, un doble discurso<\/p>\n<p><strong> <\/strong><\/p>\n<p><strong>Jos\u00e9 Pablo Serrano Silva<\/strong>: Universidad Aut\u00f3noma de Bucaramanga (Colombia)<\/p>\n<p>Ciudad y poes\u00eda en el cruce de caminos de la modernidad. Una mirada a la l\u00edrica en Bucaramanga en la d\u00e9cada de 1930 a 1939<\/p>\n<p>&nbsp;<\/p>\n<p><strong>16:30 \u2013 18:30\u00a0\u00a0\u00a0\u00a0\u00a0\u00a0\u00a0\u00a0\u00a0\u00a0\u00a0\u00a0 Mesa 11: Historias de vida y cr\u00edticas de obras de literatos olvidados (parte 1)<\/strong><\/p>\n<p><strong> <\/strong>Modera: <strong>M\u00f3nica Mar\u00eda del Valle, <\/strong>Universidad de la Salle<\/p>\n<p>Auditorio Nro. 1<\/p>\n<p>&nbsp;<\/p>\n<p><strong>Juan Jos\u00e9 Escobar L\u00f3pez<\/strong>: Universidad Pontificia Bolivariana (Colombia)<\/p>\n<p>La tradici\u00f3n de la cr\u00edtica literaria en Colombia. J. M. Vergara y Vergara o la historia social de la literatura.<\/p>\n<p>&nbsp;<\/p>\n<p><strong>Coral Vel\u00e1zquez Alvarado<\/strong>: Universidad Nacional Aut\u00f3noma de M\u00e9xico<\/p>\n<p>Bernardo Couto Castillo, un decadente mexicano \u201cmuerto demasiado joven para ser juzgado\u201d.<\/p>\n<p>&nbsp;<\/p>\n<p><strong>Luis Miguel C\u00e1rdenas Barrios<\/strong>: Fund. Universitaria Tecnol\u00f3gico Comfenalco (Colombia)<\/p>\n<p><strong>Vilma Patricia Gonz\u00e1lez Ferro<\/strong>: Universidad Antonio Nari\u00f1o (Colombia)<\/p>\n<p>Juan Jos\u00e9 Nieto primer Novelista Colombiano; semblanza hist\u00f3rica de un l\u00edder del Caribe Colombiano.<\/p>\n<p>&nbsp;<\/p>\n<p><strong>Ricardo Adolfo Plazas Acevedo<\/strong>: Universidad del Cauca (Colombia)<\/p>\n<p>Tem\u00edstocles Tejada. La rom\u00e1ntica, triste y olvidada historia del bardo de Tipacoque.<\/p>\n<p>&nbsp;<\/p>\n<p><strong>16:30 \u2013 18:30\u00a0\u00a0\u00a0\u00a0\u00a0\u00a0\u00a0\u00a0\u00a0\u00a0\u00a0\u00a0 Mesa 12: Las publicaciones peri\u00f3dicas literarias como fuentes para el estudio hist\u00f3rico y la reconstrucci\u00f3n de la literatura. Fuentes, fondos y archivos (parte 1)<\/strong><\/p>\n<p><strong> <\/strong>Modera: <strong>Fabio Silva Vallejo, <\/strong>Universidad del Magdalena<\/p>\n<p>Auditorio Nro. 3<\/p>\n<p>&nbsp;<\/p>\n<p><strong>Olga Vallejo Murcia<\/strong>: Universidad de Antioquia (Colombia)<\/p>\n<p>Reflexiones sobre la propiedad intelectual en la prensa literaria colombiana del siglo XIX<\/p>\n<p>&nbsp;<\/p>\n<p><strong>Herlinda Ram\u00edrez Barradas<\/strong>: Purdue University Calumet (Estados Unidos)<\/p>\n<p>El corrido de Valent\u00edn Mancera en la prensa popular.<\/p>\n<p>&nbsp;<\/p>\n<p><strong>F\u00e9lix Ra\u00fal Mart\u00ednez Cleves<\/strong>: Universidad del Tolima (Colombia)<\/p>\n<p>Las cr\u00f3nicas decimon\u00f3nicas. Entre fuentes y reminiscencias.<\/p>\n<p>&nbsp;<\/p>\n<p><strong>Enrique Camacho Navarro<\/strong>: Universidad Nacional Aut\u00f3noma de M\u00e9xico<\/p>\n<p>Las portadas de la <em>Mamita Yunai<\/em> como fuente iconol\u00f3gica<\/p>\n<p>&nbsp;<\/p>\n<p>&nbsp;<\/p>\n<p><strong>VIERNES 24 DE OCTUBRE\/14<\/strong><\/p>\n<p>Auditorios Country Internacional Hotel<\/p>\n<p>Cra. 52 No. 75 -30 Barranquilla<\/p>\n<p><strong> <\/strong><\/p>\n<p><strong> <\/strong><\/p>\n<p><strong>08:30 \u2013 10:30\u00a0\u00a0\u00a0\u00a0\u00a0\u00a0\u00a0\u00a0\u00a0\u00a0\u00a0\u00a0 Mesa 13: Las publicaciones peri\u00f3dicas literarias como fuentes para el estudio hist\u00f3rico y la reconstrucci\u00f3n de la literatura. Fuentes, fondos y archivos (parte 2)<\/strong><\/p>\n<p><strong> <\/strong>Modera: <strong>Hernando\u00a0 Motato C., <\/strong>Universidad Industrial de Santander <strong> <\/strong><\/p>\n<p>Auditorio Nro. 1<\/p>\n<p>&nbsp;<\/p>\n<p><strong>Diana Mar\u00eda Barrios Gonz\u00e1lez<\/strong>: Universidad de Antioquia (Colombia)<\/p>\n<p>La cr\u00edtica literaria en la revista <em>Cromos<\/em> (1915-1935). Sus formas y apuestas por la difusi\u00f3n de lo literario.<\/p>\n<p>&nbsp;<\/p>\n<p><strong>Jairo Enrique Valderrama Valderrama<\/strong>: Universidad de la Sabana (Colombia)<\/p>\n<p>Hacia una cr\u00edtica literaria poscolonial. Un estudio desde la revista <em>Magaz\u00edn Dominical <\/em>de <em>El Espectador.<\/em><\/p>\n<p>&nbsp;<\/p>\n<p><strong>Cristian Camilo Vega Ar\u00e9valo<\/strong>: Pontificia Universidad Javeriana (Colombia)<\/p>\n<p>Un peri\u00f3dico ilustrado. Lo literario en el proyecto pol\u00edtico regeneracionista de <em>La luz: peri\u00f3dico pol\u00edtico, literario e industrial<\/em><\/p>\n<p><em> <\/em><\/p>\n<p><strong>Laura Victoria Bedoya Garc\u00e9s<\/strong>: Universidad de Antioquia (Colombia)<\/p>\n<p>\u201cEl \u00abCosmopolitismo\u00bb en <em>Revista Gris<\/em> (Bogot\u00e1: 1892-1896). Hacia la ruptura de la tradici\u00f3n literaria hisp\u00e1nica\u201d.<\/p>\n<p>&nbsp;<\/p>\n<p>&nbsp;<\/p>\n<p>&nbsp;<\/p>\n<p><strong> <\/strong><\/p>\n<p><strong> <\/strong><\/p>\n<p><strong>08:30 \u2013 10:30\u00a0\u00a0\u00a0\u00a0\u00a0\u00a0\u00a0\u00a0\u00a0\u00a0\u00a0\u00a0 Mesa 14: Historias de vida y cr\u00edticas de obras de literatos olvidados (parte 2)<\/strong><\/p>\n<p><strong> <\/strong>Modera: <strong>Gessica Espejo V.<\/strong>: Universidad Industrial de Santander<\/p>\n<p>Auditorio Nro. 2<\/p>\n<p>&nbsp;<\/p>\n<p><strong>M\u00f4nica Lima Cavalcanti<\/strong>: Universidad Estadual de Alagoas (Brasil)<\/p>\n<p><em>Un pedazo de tierra<\/em>. Reflexiones sobre la vida y obra de Claudio Barrera.<\/p>\n<p>&nbsp;<\/p>\n<p><strong>Vanessa Ni\u00f1o De Villeros<\/strong>: Universidad de Cartagena (Colombia)<\/p>\n<p>Manuel Mar\u00eda Madiedo ensayista pol\u00edtico, poeta y novelista en el siglo XIX<\/p>\n<p>&nbsp;<\/p>\n<p><strong>Consuelo Pardo Cort\u00e9s<\/strong>: Pontificia Universidad Javeriana (Colombia)<\/p>\n<p>\u201c\u00abYa he dejado de ser un ni\u00f1o, pero sigo viviendo en este cuarto\u00bb: la met\u00e1fora de la infancia en la obra de Fernando Molano Vargas\u201d.<\/p>\n<p>&nbsp;<\/p>\n<p><strong>Dal\u00edn Miranda Salcedo<\/strong>: Universidad del Atl\u00e1ntico (Colombia)<\/p>\n<p>El ingenio de Ramiro Guerra y S\u00e1nchez: Cr\u00f3nica e historia en mudos testigos.<\/p>\n<p>&nbsp;<\/p>\n<p><strong> <\/strong><\/p>\n<p><strong>10:30 \u2013 12:30\u00a0\u00a0\u00a0\u00a0\u00a0\u00a0\u00a0\u00a0\u00a0\u00a0\u00a0\u00a0 Mesa 15: Relaciones entre Historia y Literatura en la obra de Soledad Acosta de Samper.<\/strong><\/p>\n<p><strong> <\/strong>Modera: <strong>Dana\u00e9 Michaud-Mastoras<\/strong>: Universidad de Montreal <strong> <\/strong><\/p>\n<p>Auditorio Nro. 1<\/p>\n<p>&nbsp;<\/p>\n<p><strong>Claudia Patricia Figueroa Chaparro<\/strong>: Universidad Industrial de Santander (Colombia)<\/p>\n<p>La configuraci\u00f3n de la impunidad en \u201cUn crimen\u201d, de Soledad Acosta de Samper a partir de la transformaci\u00f3n del mito <em>Ant\u00edgona<\/em>, de S\u00f3focles.<\/p>\n<p>&nbsp;<\/p>\n<p><strong>Marilyn Hern\u00e1ndez Espitia<\/strong>: Universidad Industrial de Santander (Colombia)<\/p>\n<p><em>La Configuraci\u00f3n del Recluta<\/em>: Una aproximaci\u00f3n a la historia pol\u00edtica y militar de Colombia en el siglo XIX\u00a0 desde la literatura de Josefa Acevedo de G\u00f3mez y Soledad Acosta de Samper.<\/p>\n<p>&nbsp;<\/p>\n<p><strong>\u00c1lix Yurley Mart\u00ednez P\u00e9rez<\/strong>: Universidad Industrial de Santander (Colombia)<\/p>\n<p>H\u00e9roes an\u00f3nimos de la Cartagena no historiografiada en la cohesi\u00f3n literaria entre Soledad Acosta de Samper y Jos\u00e9 Mar\u00eda Samper (un acercamiento).<\/p>\n<p>&nbsp;<\/p>\n<p><strong>Jos\u00e9 Rubio Mart\u00ednez<\/strong>: Universidad Industrial de Santander (Colombia)<\/p>\n<p>Aproximaci\u00f3n a las reflexiones sobre la escritura y su relaci\u00f3n con el empoderamiento de la mujer en el primer a\u00f1o del <em>Diario \u00cdntimo<\/em> (1885) de Soledad Acosta de Samper.<\/p>\n<p>&nbsp;<\/p>\n<p><strong>Andr\u00e9s Eduardo Devia Pati\u00f1o<\/strong>: Universidad del Tolima (Colombia)<\/p>\n<p>La construcci\u00f3n de la naci\u00f3n colombiana en la obra <em>Dolores<\/em> de Soledad Acosta de Samper. Una perspectiva hist\u00f3rica.<\/p>\n<p><strong> <\/strong><\/p>\n<p><strong> <\/strong><\/p>\n<p><strong> <\/strong><\/p>\n<p><strong> <\/strong><\/p>\n<p><strong> <\/strong><\/p>\n<p><strong>10:30 \u2013 12:30\u00a0\u00a0\u00a0\u00a0\u00a0\u00a0\u00a0\u00a0\u00a0\u00a0\u00a0\u00a0 Mesa 16: Memorias y memoria hist\u00f3rica. Estrategia de rescate y preservaci\u00f3n del patrimonio literario perdido.<\/strong><\/p>\n<p><strong> <\/strong>Modera: <strong>V\u00edctor Jacinto Flecha<\/strong>: Fundaci\u00f3n Roa Bastos <strong> <\/strong><\/p>\n<p>Auditorio Nro. 2<\/p>\n<p>&nbsp;<\/p>\n<p><strong> <\/strong><\/p>\n<p><strong>Luisa Navarro<\/strong>: Universidad Aut\u00f3noma de Santo Domingo (Rep. Dominicana)<\/p>\n<p>Memoria hist\u00f3rica y producci\u00f3n literaria de la resistencia antitrujillista.<\/p>\n<p>&nbsp;<\/p>\n<p><strong>C\u00e9sar G\u00f3mez Ca\u00f1edo<\/strong>: Universidad Nacional Aut\u00f3noma de M\u00e9xico<\/p>\n<p>Ejercer el g\u00e9nero de las memorias desde la confrontaci\u00f3n pol\u00edtica, la desestabilizaci\u00f3n y la enunciaci\u00f3n ventr\u00edlocua: Adolfo Carrillo y las contramemorias: <em>Memorias de Sebasti\u00e1n Lerdo de Tejada<\/em> y <em>Memorias del marqu\u00e9s de San Basilio<\/em>. Un caso mexicano a finales del siglo XIX.<\/p>\n<p>&nbsp;<\/p>\n<p><strong>Mar\u00eda del Pilar Lamadrid<\/strong>: Universidad de Puerto Rico<\/p>\n<p>El \u00e1ngel de nuestro infortunio: Literatura, ciudad y la memoria en \u00e9poca dictatorial en la novela <em>Estrella Distante.<\/em><\/p>\n<p><em> <\/em><\/p>\n<p><strong>Eduardo Aguayo Rodr\u00edguez<\/strong>: Universidad de Concepci\u00f3n (Chile)<\/p>\n<p>Una ret\u00f3rica para la memoria: recuerdo y olvido en \u201cSolo!\u201d, de Daniel Riquelme.<\/p>\n<p>&nbsp;<\/p>\n<p><strong> <\/strong><\/p>\n<p><strong>12.30 \u2013 14:30 \u00a0\u00a0\u00a0\u00a0\u00a0\u00a0\u00a0\u00a0\u00a0\u00a0\u00a0 ALMUERZO<\/strong><\/p>\n<p>&nbsp;<\/p>\n<p><strong> <\/strong><\/p>\n<p><strong>14:30 \u2013 16:30\u00a0\u00a0\u00a0\u00a0\u00a0\u00a0\u00a0\u00a0\u00a0\u00a0\u00a0\u00a0 Mesa 17: An\u00e1lisis y reflexiones te\u00f3ricas y de m\u00e9todos: texto literario-texto hist\u00f3rico. \u00bfModos de moda? Hacia revisionismos te\u00f3ricos cr\u00edticos.<\/strong><\/p>\n<p><strong> <\/strong>Modera: <strong>Vanessa Ni\u00f1o de Villeros, <\/strong>Universidad de Cartagena<\/p>\n<p>Auditorio Nro. 1<\/p>\n<p>&nbsp;<\/p>\n<p><strong> <\/strong><\/p>\n<p><strong>M\u00f3nica Mar\u00eda Del Valle Id\u00e1rraga<\/strong>: Universidad de La Salle (Colombia)<\/p>\n<p>El m\u00e9todo de an\u00e1lisis cr\u00edtico y cultural de Jos\u00e9 Lezama Lima.<\/p>\n<p>&nbsp;<\/p>\n<p><strong>Marcelo Jos\u00e9 Cabarcas Ortega<\/strong>: Universidad Jorge Tadeo Lozano (Colombia)<\/p>\n<p>La postcolonialidad vista desde el Caribe colombiano: una propuesta metodol\u00f3gica.<\/p>\n<p>&nbsp;<\/p>\n<p><strong>Eliana D\u00edaz Mu\u00f1oz<\/strong>: Universidad del Atl\u00e1ntico (Colombia)<\/p>\n<p><em>Antolog\u00eda de mujeres poetas afrocolombianas<\/em>: \u00bfrevisar la historiograf\u00eda literaria tradicional y reincidir en ella?<\/p>\n<p>&nbsp;<\/p>\n<p><strong>Juan David Escobar Chac\u00f3n<\/strong>: Universidad Nacional de Colombia<\/p>\n<p>La historia se disfraza de ficci\u00f3n: Interpretaci\u00f3n y cr\u00edtica hist\u00f3rica en <em>Respiraci\u00f3n Artificial<\/em> de Ricardo Piglia<\/p>\n<p>&nbsp;<\/p>\n<p><strong> <\/strong><\/p>\n<p><strong> <\/strong><\/p>\n<p><strong>14:30 \u2013 16:30\u00a0\u00a0\u00a0\u00a0\u00a0\u00a0\u00a0\u00a0\u00a0\u00a0\u00a0\u00a0 Mesa 18: El impacto de la ficci\u00f3n y otros estilos literarios en la historia, la cultura y la narrativa latinoamericana.<\/strong><\/p>\n<p><strong> <\/strong>Modera: <strong>Enrique Camacho Navarro, <\/strong>UNAM (M\u00e9xico)<\/p>\n<p>Auditorio Nro. 2<\/p>\n<p>&nbsp;<\/p>\n<p><strong>Marco Urdapilleta Mu\u00f1oz<\/strong>: Universidad Aut\u00f3noma del Estado de M\u00e9xico<\/p>\n<p>La figura de Col\u00f3n en la narrativa latinoamericana contempor\u00e1nea. Un di\u00e1logo entre la historia y la ficci\u00f3n.<\/p>\n<p>&nbsp;<\/p>\n<p><strong>Mar\u00eda Antonieta Lloveras<\/strong>: Universidad Nacional de R\u00edo Cuarto (Argentina)<\/p>\n<p><strong>Valeria Engert<\/strong>: Universidad Nacional de R\u00edo Cuarto (Argentina)<\/p>\n<p>La ficcionalizaci\u00f3n del pasado desde la perspectiva subalterna: Edwidge Danticat y Jaques Stephen Alexis.<\/p>\n<p>&nbsp;<\/p>\n<p><strong>Jaime Morales Quant<\/strong>: Universidad de Buenos Aires (Argentina)<\/p>\n<p>Recuerdo doloroso y paisaje en la obra de Edwidge Danticat.<\/p>\n<p>&nbsp;<\/p>\n<p><strong>Luis Flores-Portero: <\/strong>Monmouth University (Estados Unidos)<\/p>\n<p>La burocratizaci\u00f3n del sacrificio en dos cuentos de Marco Denevi<\/p>\n<p>&nbsp;<\/p>\n<p>&nbsp;<\/p>\n<p><strong>16:30 \u2013 18:30\u00a0\u00a0\u00a0\u00a0\u00a0\u00a0\u00a0\u00a0\u00a0\u00a0\u00a0\u00a0 Mesa 19: Significados y revisiones cr\u00edticas de la novela hist\u00f3rica como g\u00e9nero literario e historiogr\u00e1fico.<\/strong><\/p>\n<p><strong> <\/strong>Modera: <strong>Adalberto Bola\u00f1o Sandoval, <\/strong>Univ. Aut\u00f3noma del Caribe<\/p>\n<p>Auditorio Nro. 1<\/p>\n<p>&nbsp;<\/p>\n<p><strong>Israel \u00c1lvarez Moctezuma<\/strong>: Universidad Nacional Aut\u00f3noma de M\u00e9xico<\/p>\n<p><em>Nunc iam cessit pontus et omnes patitur leges<\/em>.\u00a0 O la construcci\u00f3n del para\u00edso en la historia y la literatura de la edad media (siglos XI-XVI).<\/p>\n<p>&nbsp;<\/p>\n<p><strong>Ricardo Teodoro Alejandrez<\/strong>: Universidad Veracruzana (M\u00e9xico)<\/p>\n<p>Novela hist\u00f3rica o historia novelada. \u00bfQu\u00e9 fabrica el historiador cuando hace literatura?<\/p>\n<p>&nbsp;<\/p>\n<p><strong>Joseph B. Wager<\/strong>: Universidad Nacional de Colombia<\/p>\n<p>El discurso historiogr\u00e1fico y el espacio como claves para leer una novela hist\u00f3rica de Ana Pizarro.<\/p>\n<p>&nbsp;<\/p>\n<p>&nbsp;<\/p>\n<p><strong>16:30 \u2013 18:30\u00a0\u00a0\u00a0\u00a0\u00a0\u00a0\u00a0\u00a0\u00a0\u00a0\u00a0\u00a0 Mesa 20: Las cr\u00f3nicas y los testimonios. Entre documentos hist\u00f3ricos y literarios.<\/strong><\/p>\n<p><strong> <\/strong>Modera: <strong>Nicol\u00e1s Jaramillo G., <\/strong>Universidad Nacional de Colombia<\/p>\n<p>Auditorio Nro. 2<\/p>\n<p>&nbsp;<\/p>\n<p><strong>Antonio de Jes\u00fas Moreno Jim\u00e9nez<\/strong>: Universidad de Sonora (M\u00e9xico)<\/p>\n<p><em>Los Episodios nacionales mexicanos<\/em> de Victoriano Salado \u00c1lvarez y su car\u00e1cter liminal.<\/p>\n<p>&nbsp;<\/p>\n<p><strong>Katia Viera Hern\u00e1ndez<\/strong>: Universidad de La Habana (Cuba)<\/p>\n<p>Am\u00e9rica Imaginada. De los Cronistas de Indias a la Nueva Novela Hist\u00f3rica Latinoamericana.<\/p>\n<p>&nbsp;<\/p>\n<p><strong>Sor Elena Salazar<\/strong>: Universidad\u00a0 de Oriente (Venezuela)<\/p>\n<p>De las cr\u00f3nicas de Indias\u00a0 a\u00a0 Lope de Aguirre. <em>Pr\u00edncipe de la libertad<\/em> y <em>Urs\u00faa<\/em><\/p>\n<p><em> <\/em><\/p>\n<p><strong>Romina Magallanes<\/strong>: Universidad Nacional de Rosario (Argentina)<\/p>\n<p><strong>Carolina Romero Saavedra<\/strong>: Universidad Aut\u00f3noma de Bucaramanga (Colombia)<\/p>\n<p>Otros modos de escrituras testimoniales: materialidad e intimidad. Piedad Bonett y H\u00e9ctor Abad Faciolince.<\/p>\n<p><strong> <\/strong><\/p>\n<p><strong>S\u00c1BADO 25 DE OCTUBRE\/14<\/strong><\/p>\n<p>Casa Museo Julio Fl\u00f3rez<\/p>\n<p>Usiacur\u00ed (Atl\u00e1ntico)<\/p>\n<p>&nbsp;<\/p>\n<p><strong>07:00 \u2013 07:30 <\/strong>Salida de los buses del Country Internacional Hotel hacia el municipio de Usiacur\u00ed (Atl\u00e1ntico) \u2013 Casa Museo Julio Fl\u00f3rez<\/p>\n<p>(El transporte corre por cuenta de la organizaci\u00f3n del evento tanto de ida como venida)<\/p>\n<p><strong> <\/strong><\/p>\n<p><strong>09:00 \u2013 11:30\u00a0\u00a0\u00a0\u00a0\u00a0\u00a0\u00a0\u00a0\u00a0\u00a0\u00a0\u00a0 Mesa 21: La historia y la literatura como objeto de estudio, pr\u00e1ctica y aprendizaje de las ciencias sociales y humanas.<\/strong><\/p>\n<p><strong> <\/strong>Modera: <strong>Gloria Smith Avenda\u00f1o, <\/strong>UPTC (Colombia)<\/p>\n<p>Casa Museo Julio Fl\u00f3rez<\/p>\n<p>&nbsp;<\/p>\n<p><strong>Virginia Romero Plana<\/strong>: Archivo de Letras, Artes, Ciencia y Tecnolog\u00eda (M\u00e9xico)<\/p>\n<p>El camino\u2026 Historia, literatura y antropolog\u00eda.<\/p>\n<p>&nbsp;<\/p>\n<p><strong>Silvia Ximena S\u00e1nchez Cardona<\/strong>: Universidad del Tolima (Colombia)<\/p>\n<p>La realidad que leemos, la realidad que vivimos. La Sociolog\u00eda de la literatura para la comprensi\u00f3n de nuestra historia.<\/p>\n<p>&nbsp;<\/p>\n<p><strong>Rodrigo L\u00f3pez-Mart\u00ednez<\/strong>: Universidad de Cundinamarca (Colombia)<\/p>\n<p>La novela como documento hist\u00f3rico de la cultura: ideas para un consenso.<\/p>\n<p>&nbsp;<\/p>\n<p><strong>Rosa Leonor Junguittu Mart\u00ednez<\/strong>: Universidad Central de Venezuela<\/p>\n<p>Historia y Literatura un enfoque interdisciplinario para la ense\u00f1anza y aprendizaje de la Venezuela petrolera a trav\u00e9s de la obra narrativa de Miguel Otero Silva.<\/p>\n<p>&nbsp;<\/p>\n<p><strong>11:30 \u2013 13:00\u00a0\u00a0\u00a0\u00a0\u00a0\u00a0\u00a0\u00a0\u00a0\u00a0\u00a0\u00a0 Mesa 22: El poeta Julio Fl\u00f3rez. Vida y obra.<\/strong><\/p>\n<p><strong> <\/strong>Modera: <strong>Margarita Mac\u00edas Ramos, <\/strong>Casa Museo Julio Fl\u00f3rez<\/p>\n<p>Casa Museo Julio Fl\u00f3rez<\/p>\n<p>&nbsp;<\/p>\n<p><strong>Gloria Smith Avenda\u00f1o de Bar\u00f3n<\/strong>: Universidad Pedag\u00f3gica y Tecnol\u00f3gica de Colombia<\/p>\n<p>Edici\u00f3n cr\u00edtica de la obra completa del poeta colombiano Julio Fl\u00f3rez.<\/p>\n<p>&nbsp;<\/p>\n<p><strong>Dimas Antonio Acu\u00f1a Jim\u00e9nez: <\/strong>Seminario Regional Juan XXIII (Colombia)<strong> <\/strong><\/p>\n<p>Recuperar la memoria po\u00e9tica de los Mocan\u00e1<\/p>\n<p>&nbsp;<\/p>\n<p><strong>Adriano Guerra<\/strong>: Archivo Hist\u00f3rico del Atl\u00e1ntico (Colombia)<\/p>\n<p>La coronaci\u00f3n del poeta Julio Flores vista por el historiador Ismael Solano y Manotas.<\/p>\n<p>&nbsp;<\/p>\n<p><strong>Jorge Enrique El\u00edas-Caro<\/strong>: Universidad del Magdalena (Colombia)<\/p>\n<p>El Caribe en la obra de Julio Fl\u00f3rez. Contexto hist\u00f3rico.<\/p>\n<p>&nbsp;<\/p>\n<p><strong>13:00 \u2013 15:00\u00a0\u00a0\u00a0\u00a0\u00a0\u00a0\u00a0\u00a0\u00a0\u00a0\u00a0\u00a0 ALMUERZO<\/strong><\/p>\n<p><strong> <\/strong><\/p>\n<p><strong>15:00 \u2013 15:45 \u00a0\u00a0\u00a0\u00a0\u00a0\u00a0\u00a0\u00a0\u00a0\u00a0\u00a0 Conferencia: <\/strong><\/p>\n<p><strong> Ra\u00fal Vallejo Corral, <\/strong>Embajada de Ecuador en Colombia<strong> <\/strong><\/p>\n<p>Bol\u00edvar y el Alma del H\u00e9roe: del \u201cJuramento de Roma\u201d a mi Delirio sobre el Chimborazo<\/p>\n<p>&nbsp;<\/p>\n<p><strong>15:45 \u2013 16:30 \u00a0\u00a0\u00a0\u00a0\u00a0\u00a0\u00a0\u00a0\u00a0\u00a0\u00a0 Conferencia: <\/strong><\/p>\n<p><strong> V\u00edctor Jacinto Flecha, <\/strong>Fundaci\u00f3n Roa Bastos (Paraguay)<strong> <\/strong><\/p>\n<p>\u201cYo el Supremo\u201d de Roa Bastos y las novelas de Dictadores en Am\u00e9rica Latina.<\/p>\n<p><strong> <\/strong><\/p>\n<p><strong>16:30 \u2013 17:00\u00a0\u00a0\u00a0\u00a0\u00a0\u00a0\u00a0\u00a0\u00a0\u00a0\u00a0\u00a0 Conclusiones y Clausura del evento<\/strong><\/p>\n<p><strong> <\/strong><\/p>\n<p><strong>17:00 \u2013 23:00\u00a0\u00a0\u00a0\u00a0\u00a0\u00a0\u00a0\u00a0\u00a0\u00a0\u00a0\u00a0 Actividades culturales<\/strong><\/p>\n<p><strong><br \/>\n<\/strong><\/p>\n<p><strong>Publicado por ADHILAC Internacional \u00a9 www.adhilac.com.ar<\/strong><\/p>\n<p>Si Ud. desea asociarse de acuerdo a los Estatutos de ADHILAC\u00a0<a title=\"(ver)\" href=\"https:\/\/adhilac.com.ar\/?page_id=263\">(ver)<\/a> complete el formulario correspondiente\u00a0<a title=\"(Ver)\" href=\"https:\/\/adhilac.com.ar\/?page_id=4779\" target=\"_blank\">(ver)<\/a><\/p>\n<p>E-mail:\u00a0<a title=\"info@adhilac.com.ar\" href=\"https:\/\/adhilac.com.ar\/info@adhilac.com.ar\" target=\"_blank\">info@adhilac.com.ar<\/a><\/p>\n<p>Twitter: @AdhilacInfo<\/p>\n","protected":false},"excerpt":{"rendered":"<p>PROGRAMACI\u00d3N GENERAL CONGRESO INTERNACIONAL DE HISTORIA Y LITERATURA \u201cLa historia en la literatura y la literatura en la historia en Am\u00e9rica Latina y el Caribe\u201d Barranquilla y Usiacur\u00ed (Colombia), Octubre 23-25 de 2014<\/p>\n","protected":false},"author":2,"featured_media":0,"comment_status":"closed","ping_status":"closed","sticky":false,"template":"","format":"standard","meta":{"_crdt_document":"","footnotes":""},"categories":[69,5],"tags":[199,268],"class_list":["post-9924","post","type-post","status-publish","format-standard","hentry","category-adhilac-colombia","category-congresos","tag-historia-latinoamericana-y-del-caribe","tag-literatura"],"_links":{"self":[{"href":"https:\/\/adhilac.com.ar\/index.php?rest_route=\/wp\/v2\/posts\/9924","targetHints":{"allow":["GET"]}}],"collection":[{"href":"https:\/\/adhilac.com.ar\/index.php?rest_route=\/wp\/v2\/posts"}],"about":[{"href":"https:\/\/adhilac.com.ar\/index.php?rest_route=\/wp\/v2\/types\/post"}],"author":[{"embeddable":true,"href":"https:\/\/adhilac.com.ar\/index.php?rest_route=\/wp\/v2\/users\/2"}],"replies":[{"embeddable":true,"href":"https:\/\/adhilac.com.ar\/index.php?rest_route=%2Fwp%2Fv2%2Fcomments&post=9924"}],"version-history":[{"count":3,"href":"https:\/\/adhilac.com.ar\/index.php?rest_route=\/wp\/v2\/posts\/9924\/revisions"}],"predecessor-version":[{"id":10012,"href":"https:\/\/adhilac.com.ar\/index.php?rest_route=\/wp\/v2\/posts\/9924\/revisions\/10012"}],"wp:attachment":[{"href":"https:\/\/adhilac.com.ar\/index.php?rest_route=%2Fwp%2Fv2%2Fmedia&parent=9924"}],"wp:term":[{"taxonomy":"category","embeddable":true,"href":"https:\/\/adhilac.com.ar\/index.php?rest_route=%2Fwp%2Fv2%2Fcategories&post=9924"},{"taxonomy":"post_tag","embeddable":true,"href":"https:\/\/adhilac.com.ar\/index.php?rest_route=%2Fwp%2Fv2%2Ftags&post=9924"}],"curies":[{"name":"wp","href":"https:\/\/api.w.org\/{rel}","templated":true}]}}