{"id":9943,"date":"2014-10-18T15:51:18","date_gmt":"2014-10-18T18:51:18","guid":{"rendered":"https:\/\/adhilac.com.ar\/?p=9943"},"modified":"2014-10-20T14:17:50","modified_gmt":"2014-10-20T17:17:50","slug":"la-conquista-de-america-debates-historiograficos-y-perspectivas-escolares-centro-cultural-de-la-cooperacion-buenos-aires-29-de-octubre-de-2014","status":"publish","type":"post","link":"https:\/\/adhilac.com.ar\/?p=9943","title":{"rendered":"La conquista de Am\u00e9rica Debates historiogr\u00e1ficos y perspectivas escolares. Centro Cultural de la Cooperaci\u00f3n. Buenos Aires. 29 de Octubre de 2014"},"content":{"rendered":"<p><img loading=\"lazy\" decoding=\"async\" class=\"alignright\" src=\"https:\/\/mail.google.com\/mail\/u\/0\/?ui=2&amp;ik=31c22b8d02&amp;view=fimg&amp;th=1491c7c7196629d9&amp;attid=0.2&amp;disp=emb&amp;attbid=ANGjdJ9nMvjjIud9TAwiiKUtt2chfsIVLSjRVuzBJnqUKTWzBZy65ASfBc3jd5skmVShoEw4Ej37HOaz84MmRLtNUYGco_A1ye69mfuMQI487arr0rR0jOJp_HGZmQ8&amp;sz=-w1600-h1000&amp;ats=1413522409408&amp;rm=1491c7c7196629d9&amp;zw&amp;atsh=1\" alt=\"historia\" width=\"261\" height=\"373\" \/><\/p>\n<p style=\"text-align: justify;\"><strong><span style=\"font-size: 1.17em; color: #339966;\">La conquista de Am\u00e9rica. Debates historiogr\u00e1ficos y perspectivas escolares<\/span><\/strong><\/p>\n<div style=\"text-align: justify;\"><span style=\"color: #339966; font-size: 1.17em;\"><br \/>\n<\/span><\/div>\n<div style=\"text-align: justify;\">Mi\u00e9rcoles 29 de Octubre &#8211; 18:30<\/div>\n<div style=\"text-align: justify;\">Centro Cultural de la Cooperaci\u00f3n &#8211; Av. Corrientes 1543. Sala Nelson Giribaldi. 2\u00ba Piso.<\/div>\n<div style=\"text-align: justify;\">\n<div>La conquista de Am\u00e9rica es un proceso hist\u00f3rico que ha originado numerosas controversias y debates entre acad\u00e9micos e investigadores. Las escuelas argentinas, por su parte, tambi\u00e9n han abordado las causas que produjeron el sometimiento de una gran cantidad de sociedades ind\u00edgenas por parte de los centros pol\u00edticos y econ\u00f3micos europeos as\u00ed como el haz de fen\u00f3menos pol\u00edticos, sociales, econ\u00f3micos y culturales proyectados hacia adelante a partir del acontecimiento crucial de 1492.<\/div>\n<div><\/div>\n<div>Panelistas: Nicol\u00e1s Kogan, Gabriela Nacht, Pablo Frisch y Natalia Stoppani (investigadores del CCC). Organizan: Departamentos de de Historia y de Educaci\u00f3n del CCC.<!--more--><\/div>\n<p>&nbsp;<\/p>\n<p>&nbsp;<\/p>\n<\/div>\n<p style=\"text-align: justify;\">Publicado por ADHILAC Internacional \u00a9 www.adhilac.com.ar<\/p>\n<p style=\"text-align: justify;\">Si Ud. desea asociarse de acuerdo a los Estatutos de ADHILAC\u00a0<a title=\"(ver)\" href=\"https:\/\/adhilac.com.ar\/?page_id=263\">(ver)<\/a> complete el formulario correspondiente\u00a0<a title=\"(Ver)\" href=\"https:\/\/adhilac.com.ar\/?page_id=4779\" target=\"_blank\">(ver)<\/a><\/p>\n<p style=\"text-align: justify;\">E-mail:\u00a0<a title=\"info@adhilac.com.ar\" href=\"https:\/\/adhilac.com.ar\/info@adhilac.com.ar\" target=\"_blank\">info@adhilac.com.ar<\/a><\/p>\n<p style=\"text-align: justify;\">Twitter: @AdhilacInfo<\/p>\n<div style=\"text-align: justify;\"><span style=\"font-family: Tahoma; font-size: medium;\"><br \/>\n<\/span><\/div>\n","protected":false},"excerpt":{"rendered":"<p>La conquista de Am\u00e9rica. Debates historiogr\u00e1ficos y perspectivas escolares Mi\u00e9rcoles 29 de Octubre &#8211; 18:30 Centro Cultural de la Cooperaci\u00f3n &#8211; Av. Corrientes 1543. Sala Nelson Giribaldi. 2\u00ba Piso. La conquista de Am\u00e9rica es un proceso hist\u00f3rico que ha originado numerosas controversias y debates entre acad\u00e9micos e investigadores. Las escuelas argentinas, por su parte, tambi\u00e9n [&hellip;]<\/p>\n","protected":false},"author":2,"featured_media":0,"comment_status":"closed","ping_status":"closed","sticky":false,"template":"","format":"standard","meta":{"_crdt_document":"","footnotes":""},"categories":[5,40],"tags":[67,562],"class_list":["post-9943","post","type-post","status-publish","format-standard","hentry","category-congresos","category-informaciones","tag-argentina","tag-conquista-de-america"],"_links":{"self":[{"href":"https:\/\/adhilac.com.ar\/index.php?rest_route=\/wp\/v2\/posts\/9943","targetHints":{"allow":["GET"]}}],"collection":[{"href":"https:\/\/adhilac.com.ar\/index.php?rest_route=\/wp\/v2\/posts"}],"about":[{"href":"https:\/\/adhilac.com.ar\/index.php?rest_route=\/wp\/v2\/types\/post"}],"author":[{"embeddable":true,"href":"https:\/\/adhilac.com.ar\/index.php?rest_route=\/wp\/v2\/users\/2"}],"replies":[{"embeddable":true,"href":"https:\/\/adhilac.com.ar\/index.php?rest_route=%2Fwp%2Fv2%2Fcomments&post=9943"}],"version-history":[{"count":7,"href":"https:\/\/adhilac.com.ar\/index.php?rest_route=\/wp\/v2\/posts\/9943\/revisions"}],"predecessor-version":[{"id":10011,"href":"https:\/\/adhilac.com.ar\/index.php?rest_route=\/wp\/v2\/posts\/9943\/revisions\/10011"}],"wp:attachment":[{"href":"https:\/\/adhilac.com.ar\/index.php?rest_route=%2Fwp%2Fv2%2Fmedia&parent=9943"}],"wp:term":[{"taxonomy":"category","embeddable":true,"href":"https:\/\/adhilac.com.ar\/index.php?rest_route=%2Fwp%2Fv2%2Fcategories&post=9943"},{"taxonomy":"post_tag","embeddable":true,"href":"https:\/\/adhilac.com.ar\/index.php?rest_route=%2Fwp%2Fv2%2Ftags&post=9943"}],"curies":[{"name":"wp","href":"https:\/\/api.w.org\/{rel}","templated":true}]}}